{"id":5708,"date":"2024-12-03T05:54:00","date_gmt":"2024-12-03T05:54:00","guid":{"rendered":"https:\/\/www.mediaeducationcentre.eu\/eng\/?p=5708"},"modified":"2025-02-03T06:02:43","modified_gmt":"2025-02-03T06:02:43","slug":"%f0%9f%8c%bf-green-at-you-empowering-sustainable-futures-in-serbia-%f0%9f%8c%bf","status":"publish","type":"post","link":"https:\/\/www.mediaeducationcentre.eu\/eng\/?p=5708","title":{"rendered":"\ud83c\udf3f Green at You: Empowering Sustainable Futures in Serbia \ud83c\udf3f"},"content":{"rendered":"\n<p>\ud83c\udf3f <strong>Green at You: Osna\u017eivanje Odr\u017eive Budu\u0107nosti u Srbiji<\/strong> \ud83c\udf3f<\/p>\n\n\n\n<p><strong><em>English version below!<\/em><\/strong><\/p>\n\n\n\n<p>Srbija je dom bogatog \u0161umskog nasle\u0111a, ali u poslednjih dvadeset godina izgubili smo pribli\u017eno 74.200 hektara \u0161uma. Kako bismo se suo\u010dili sa ovim alarmantnim trendom, projekat <strong>Green at You<\/strong> je tu da napravi razliku. Na\u0161a misija je da obu\u010dimo i opremimo 48 u\u010desnika u Srbiji sa klju\u010dnim ve\u0161tinama u oblasti <strong>Zelenog \u0160umarstva<\/strong> i <strong>Zelene Ekonomije<\/strong> putem na\u0161eg inovativnog MOOC kursa na srpskom jeziku.<\/p>\n\n\n\n<figure class=\"wp-block-image size-large\"><img loading=\"lazy\" decoding=\"async\" width=\"1280\" height=\"731\" src=\"https:\/\/www.mediaeducationcentre.eu\/eng\/wp-content\/uploads\/2025\/02\/Forestry-Serbia-04-1280x731.jpeg\" alt=\"\" class=\"wp-image-5709\" srcset=\"https:\/\/www.mediaeducationcentre.eu\/eng\/wp-content\/uploads\/2025\/02\/Forestry-Serbia-04-1280x731.jpeg 1280w, https:\/\/www.mediaeducationcentre.eu\/eng\/wp-content\/uploads\/2025\/02\/Forestry-Serbia-04-620x354.jpeg 620w, https:\/\/www.mediaeducationcentre.eu\/eng\/wp-content\/uploads\/2025\/02\/Forestry-Serbia-04-500x286.jpeg 500w, https:\/\/www.mediaeducationcentre.eu\/eng\/wp-content\/uploads\/2025\/02\/Forestry-Serbia-04-768x439.jpeg 768w, https:\/\/www.mediaeducationcentre.eu\/eng\/wp-content\/uploads\/2025\/02\/Forestry-Serbia-04-1536x878.jpeg 1536w, https:\/\/www.mediaeducationcentre.eu\/eng\/wp-content\/uploads\/2025\/02\/Forestry-Serbia-04.jpeg 1792w\" sizes=\"auto, (max-width: 1280px) 100vw, 1280px\" \/><\/figure>\n\n\n\n<p>Na\u0161e ciljne grupe uklju\u010duju NEETs, \u017eene, ranjive grupe, ljude sa migrantskom pozadinom, kao i \u0161iru javnost. U\u010de\u0161\u0107em u ovom projektu, ste\u0107i \u0107ete vredne mikro-kredencijale, pobolj\u0161ati svoju zapo\u0161ljivost i doprineti odr\u017eivom oporavku \u0161uma Srbije. \ud83c\udf33<\/p>\n\n\n\n<p>Pridru\u017eite nam se u stvaranju pozitivnog uticaja i osiguravanju zelene budu\u0107nosti za generacije koje dolaze!<\/p>\n\n\n\n<p><br>Serbia is home to a rich forest heritage, but in the past two decades, we&#8217;ve lost approximately 74,200 hectares of forest. To combat this alarming trend, the <strong>Green at You<\/strong> project is here to make a difference. We&#8217;re on a mission to train and equip 48 participants in Serbia with essential skills in <strong>Green Forestry<\/strong> and <strong>Green Economy<\/strong> through our cutting-edge MOOC.<\/p>\n\n\n\n<p>Our target groups include NEETs (Not in Education, Employment, or Training), women, vulnerable groups, people with a migrant background, and all interested citizens. By participating, you&#8217;ll gain valuable micro-credentials, enhance your employability, and contribute to the sustainable recovery of Serbia&#8217;s forests. \ud83c\udf33<\/p>\n\n\n\n<p>Join us in making a positive impact and securing a greener future for generations to come! Links to Green Forestry and Green Economy<\/p>\n","protected":false},"excerpt":{"rendered":"<p>\ud83c\udf3f Green at You: Osna\u017eivanje Odr\u017eive Budu\u0107nosti u Srbiji \ud83c\udf3f English version below! Srbija je dom bogatog \u0161umskog nasle\u0111a, ali u poslednjih dvadeset godina izgubili smo pribli\u017eno 74.200 hektara \u0161uma. Kako bismo se suo\u010dili sa ovim alarmantnim trendom, projekat Green at You je tu da napravi razliku. Na\u0161a misija je <a class=\"more-link\" href=\"https:\/\/www.mediaeducationcentre.eu\/eng\/?p=5708\">Continue Reading \u2192<\/a><\/p>\n","protected":false},"author":12139,"featured_media":5710,"comment_status":"closed","ping_status":"closed","sticky":false,"template":"","format":"standard","meta":{"_monsterinsights_skip_tracking":false,"_monsterinsights_sitenote_active":false,"_monsterinsights_sitenote_note":"","_monsterinsights_sitenote_category":0,"footnotes":""},"categories":[139,4],"tags":[],"class_list":["post-5708","post","type-post","status-publish","format-standard","has-post-thumbnail","hentry","category-greenyou","category-news-2"],"_links":{"self":[{"href":"https:\/\/www.mediaeducationcentre.eu\/eng\/index.php?rest_route=\/wp\/v2\/posts\/5708","targetHints":{"allow":["GET"]}}],"collection":[{"href":"https:\/\/www.mediaeducationcentre.eu\/eng\/index.php?rest_route=\/wp\/v2\/posts"}],"about":[{"href":"https:\/\/www.mediaeducationcentre.eu\/eng\/index.php?rest_route=\/wp\/v2\/types\/post"}],"author":[{"embeddable":true,"href":"https:\/\/www.mediaeducationcentre.eu\/eng\/index.php?rest_route=\/wp\/v2\/users\/12139"}],"replies":[{"embeddable":true,"href":"https:\/\/www.mediaeducationcentre.eu\/eng\/index.php?rest_route=%2Fwp%2Fv2%2Fcomments&post=5708"}],"version-history":[{"count":2,"href":"https:\/\/www.mediaeducationcentre.eu\/eng\/index.php?rest_route=\/wp\/v2\/posts\/5708\/revisions"}],"predecessor-version":[{"id":5714,"href":"https:\/\/www.mediaeducationcentre.eu\/eng\/index.php?rest_route=\/wp\/v2\/posts\/5708\/revisions\/5714"}],"wp:featuredmedia":[{"embeddable":true,"href":"https:\/\/www.mediaeducationcentre.eu\/eng\/index.php?rest_route=\/wp\/v2\/media\/5710"}],"wp:attachment":[{"href":"https:\/\/www.mediaeducationcentre.eu\/eng\/index.php?rest_route=%2Fwp%2Fv2%2Fmedia&parent=5708"}],"wp:term":[{"taxonomy":"category","embeddable":true,"href":"https:\/\/www.mediaeducationcentre.eu\/eng\/index.php?rest_route=%2Fwp%2Fv2%2Fcategories&post=5708"},{"taxonomy":"post_tag","embeddable":true,"href":"https:\/\/www.mediaeducationcentre.eu\/eng\/index.php?rest_route=%2Fwp%2Fv2%2Ftags&post=5708"}],"curies":[{"name":"wp","href":"https:\/\/api.w.org\/{rel}","templated":true}]}}