{"id":4731,"date":"2020-03-24T08:03:57","date_gmt":"2020-03-24T08:03:57","guid":{"rendered":"http:\/\/www.mediaeducationcentre.eu\/eng\/?p=4731"},"modified":"2020-03-27T15:06:52","modified_gmt":"2020-03-27T15:06:52","slug":"moje-ime-je-korona","status":"publish","type":"post","link":"https:\/\/www.mediaeducationcentre.eu\/eng\/?p=4731","title":{"rendered":"Moje ime je Korona"},"content":{"rendered":"\n<p>Medijski edukativni centar iz Beograda sa svojim partnerima nastavlja rad na promociji digitalne pismenosti u okviru aktivnosti Digitalne nedelje 2020 koja traje od 23. do 29 marta, a mi \u0107emo je produ\u017eiti do 15. aprila.<\/p>\n\n\n\n<figure class=\"wp-block-image size-large\"><img loading=\"lazy\" decoding=\"async\" width=\"600\" height=\"600\" src=\"https:\/\/www.mediaeducationcentre.eu\/eng\/wp-content\/uploads\/2020\/03\/Korona-01.jpg\" alt=\"\" class=\"wp-image-4738\" srcset=\"https:\/\/www.mediaeducationcentre.eu\/eng\/wp-content\/uploads\/2020\/03\/Korona-01.jpg 600w, https:\/\/www.mediaeducationcentre.eu\/eng\/wp-content\/uploads\/2020\/03\/Korona-01-500x500.jpg 500w\" sizes=\"auto, (max-width: 600px) 100vw, 600px\" \/><\/figure>\n\n\n\n<p>Danas su na redu najmla\u0111i! Zahvaljuju\u0107i sjajnoj Mamueli Molini iz Meksika predstavljamo vam ilustrovanu digitalnu knjigu za decu o Korona virusu koja \u0107e vam pomo\u0107i da va\u0161im mali\u0161anima objasnite \u0161ta se danas de\u0161ava kod nas i u celom svetu. U\u017eivajte i knji\u017eicu podelite!<\/p>\n\n\n<a href=\"https:\/\/www.mediaeducationcentre.eu\/eng\/wp-content\/uploads\/2020\/03\/COVID-Manuela-Srpski-1.pdf\" class=\"pdfemb-viewer\" style=\"\" data-width=\"max\" data-height=\"max\" data-toolbar=\"bottom\" data-toolbar-fixed=\"off\">COVID-Manuela-Srpski-1<\/a>\n<p class=\"wp-block-pdfemb-pdf-embedder-viewer\"><\/p>\n","protected":false},"excerpt":{"rendered":"<p>Medijski edukativni centar iz Beograda sa svojim partnerima nastavlja rad na promociji digitalne pismenosti u okviru aktivnosti Digitalne nedelje 2020 koja traje od 23. do 29 marta, a mi \u0107emo je produ\u017eiti do 15. aprila. Danas su na redu najmla\u0111i! Zahvaljuju\u0107i sjajnoj Mamueli Molini iz Meksika predstavljamo vam ilustrovanu digitalnu <a class=\"more-link\" href=\"https:\/\/www.mediaeducationcentre.eu\/eng\/?p=4731\">Continue Reading \u2192<\/a><\/p>\n","protected":false},"author":12139,"featured_media":4736,"comment_status":"open","ping_status":"closed","sticky":false,"template":"","format":"standard","meta":{"_monsterinsights_skip_tracking":false,"_monsterinsights_sitenote_active":false,"_monsterinsights_sitenote_note":"","_monsterinsights_sitenote_category":0,"footnotes":""},"categories":[100,2,3,4],"tags":[],"class_list":["post-4731","post","type-post","status-publish","format-standard","has-post-thumbnail","hentry","category-from-our-partners","category-from-the-mec","category-media-lab","category-news-2"],"_links":{"self":[{"href":"https:\/\/www.mediaeducationcentre.eu\/eng\/index.php?rest_route=\/wp\/v2\/posts\/4731","targetHints":{"allow":["GET"]}}],"collection":[{"href":"https:\/\/www.mediaeducationcentre.eu\/eng\/index.php?rest_route=\/wp\/v2\/posts"}],"about":[{"href":"https:\/\/www.mediaeducationcentre.eu\/eng\/index.php?rest_route=\/wp\/v2\/types\/post"}],"author":[{"embeddable":true,"href":"https:\/\/www.mediaeducationcentre.eu\/eng\/index.php?rest_route=\/wp\/v2\/users\/12139"}],"replies":[{"embeddable":true,"href":"https:\/\/www.mediaeducationcentre.eu\/eng\/index.php?rest_route=%2Fwp%2Fv2%2Fcomments&post=4731"}],"version-history":[{"count":3,"href":"https:\/\/www.mediaeducationcentre.eu\/eng\/index.php?rest_route=\/wp\/v2\/posts\/4731\/revisions"}],"predecessor-version":[{"id":4739,"href":"https:\/\/www.mediaeducationcentre.eu\/eng\/index.php?rest_route=\/wp\/v2\/posts\/4731\/revisions\/4739"}],"wp:featuredmedia":[{"embeddable":true,"href":"https:\/\/www.mediaeducationcentre.eu\/eng\/index.php?rest_route=\/wp\/v2\/media\/4736"}],"wp:attachment":[{"href":"https:\/\/www.mediaeducationcentre.eu\/eng\/index.php?rest_route=%2Fwp%2Fv2%2Fmedia&parent=4731"}],"wp:term":[{"taxonomy":"category","embeddable":true,"href":"https:\/\/www.mediaeducationcentre.eu\/eng\/index.php?rest_route=%2Fwp%2Fv2%2Fcategories&post=4731"},{"taxonomy":"post_tag","embeddable":true,"href":"https:\/\/www.mediaeducationcentre.eu\/eng\/index.php?rest_route=%2Fwp%2Fv2%2Ftags&post=4731"}],"curies":[{"name":"wp","href":"https:\/\/api.w.org\/{rel}","templated":true}]}}