{"id":3948,"date":"2018-08-01T12:49:02","date_gmt":"2018-08-01T12:49:02","guid":{"rendered":"http:\/\/www.mediaeducationcentre.eu\/eng\/?p=3948"},"modified":"2018-08-01T13:15:45","modified_gmt":"2018-08-01T13:15:45","slug":"konferencija-za-medije","status":"publish","type":"post","link":"https:\/\/www.mediaeducationcentre.eu\/eng\/?p=3948","title":{"rendered":"Dunav za mir u Novom Sadu &#8211; Konferencija za medije"},"content":{"rendered":"<p style=\"text-align: justify;\"><strong><img loading=\"lazy\" decoding=\"async\" class=\"aligncenter size-medium wp-image-3945\" src=\"http:\/\/www.mediaeducationcentre.eu\/eng\/wp-content\/uploads\/2018\/07\/DanubeForPeaceNS-620x620.png\" alt=\"\" width=\"620\" height=\"620\" srcset=\"https:\/\/www.mediaeducationcentre.eu\/eng\/wp-content\/uploads\/2018\/07\/DanubeForPeaceNS-620x620.png 620w, https:\/\/www.mediaeducationcentre.eu\/eng\/wp-content\/uploads\/2018\/07\/DanubeForPeaceNS-300x300.png 300w, https:\/\/www.mediaeducationcentre.eu\/eng\/wp-content\/uploads\/2018\/07\/DanubeForPeaceNS-768x768.png 768w, https:\/\/www.mediaeducationcentre.eu\/eng\/wp-content\/uploads\/2018\/07\/DanubeForPeaceNS.png 902w\" sizes=\"auto, (max-width: 620px) 100vw, 620px\" \/>Dunav za Mir<br \/>\nMedijski edukativni centar i OPENS 2019<br \/>\n<\/strong>Petak, 3. Avgust, 13.00 \u010dasova<br \/>\nOmladinski klub OPENS, Laze Tele\u010dkog 2<\/p>\n<p style=\"text-align: justify;\">Medijski edukativni centar u saradnji sa OPENS-om razvija projekat \u201cDunav za mir\u201d, me\u0111unarodnu radionicu medijske, informacijske, filmske i digitalne pismenosti za mlade. Cilj ove radionice je da mladi steknu osnove ve\u0161tina i znanja neophodnih u aktivnom radu na ostvarivanju ciljeva Ujedinjenih nacija do 2030 o odr\u017eivom razvoju.<\/p>\n<p style=\"text-align: justify;\">Radionica i prezentacije \u0107e se odr\u017eavati u Novom Sadu od 5. do 12. avgusta. U\u010desnici su mladi iz inostranstva, Srbije i Novog Sada. Razli\u010diti delovi radionice i prezentacije \u0107e se odvijati na vi\u0161e mesta u Novom Sadu.<\/p>\n<p style=\"text-align: justify;\">Po\u010detak kampanje planiran je u prostorijama OPENS-a u Laze Tele\u010dkog 2, konferencijom za medije.<\/p>\n<p style=\"text-align: justify;\">Svoje prisustvo na konferenciji, potvrdili su:<\/p>\n<ul style=\"text-align: justify;\">\n<li>Aleksandra Ilijin, programska koordinatorka OPENS-a<\/li>\n<li>Miomir Raj\u010devi\u0107, predsednik Medijskog edukativnog centra<\/li>\n<\/ul>\n<p style=\"text-align: justify;\">U dodatku poziva, nalazi se vi\u0161e informacija o samom projektu, kao i ciljevima projekta, ukoliko Vam je potrebno jo\u0161 informacija, stojima Vam na raspolaganju.<\/p>\n<p>&nbsp;<\/p>\n","protected":false},"excerpt":{"rendered":"<p>Dunav za Mir Medijski edukativni centar i OPENS 2019 Petak, 3. Avgust, 13.00 \u010dasova Omladinski klub OPENS, Laze Tele\u010dkog 2 Medijski edukativni centar u saradnji sa OPENS-om razvija projekat \u201cDunav za mir\u201d, me\u0111unarodnu radionicu medijske, informacijske, filmske i digitalne pismenosti za mlade. Cilj ove radionice je da mladi steknu osnove <a class=\"more-link\" href=\"https:\/\/www.mediaeducationcentre.eu\/eng\/?p=3948\">Continue Reading \u2192<\/a><\/p>\n","protected":false},"author":12139,"featured_media":3918,"comment_status":"open","ping_status":"closed","sticky":false,"template":"","format":"standard","meta":{"_monsterinsights_skip_tracking":false,"_monsterinsights_sitenote_active":false,"_monsterinsights_sitenote_note":"","_monsterinsights_sitenote_category":0,"footnotes":""},"categories":[4],"tags":[],"class_list":["post-3948","post","type-post","status-publish","format-standard","has-post-thumbnail","hentry","category-news-2"],"_links":{"self":[{"href":"https:\/\/www.mediaeducationcentre.eu\/eng\/index.php?rest_route=\/wp\/v2\/posts\/3948","targetHints":{"allow":["GET"]}}],"collection":[{"href":"https:\/\/www.mediaeducationcentre.eu\/eng\/index.php?rest_route=\/wp\/v2\/posts"}],"about":[{"href":"https:\/\/www.mediaeducationcentre.eu\/eng\/index.php?rest_route=\/wp\/v2\/types\/post"}],"author":[{"embeddable":true,"href":"https:\/\/www.mediaeducationcentre.eu\/eng\/index.php?rest_route=\/wp\/v2\/users\/12139"}],"replies":[{"embeddable":true,"href":"https:\/\/www.mediaeducationcentre.eu\/eng\/index.php?rest_route=%2Fwp%2Fv2%2Fcomments&post=3948"}],"version-history":[{"count":4,"href":"https:\/\/www.mediaeducationcentre.eu\/eng\/index.php?rest_route=\/wp\/v2\/posts\/3948\/revisions"}],"predecessor-version":[{"id":3953,"href":"https:\/\/www.mediaeducationcentre.eu\/eng\/index.php?rest_route=\/wp\/v2\/posts\/3948\/revisions\/3953"}],"wp:featuredmedia":[{"embeddable":true,"href":"https:\/\/www.mediaeducationcentre.eu\/eng\/index.php?rest_route=\/wp\/v2\/media\/3918"}],"wp:attachment":[{"href":"https:\/\/www.mediaeducationcentre.eu\/eng\/index.php?rest_route=%2Fwp%2Fv2%2Fmedia&parent=3948"}],"wp:term":[{"taxonomy":"category","embeddable":true,"href":"https:\/\/www.mediaeducationcentre.eu\/eng\/index.php?rest_route=%2Fwp%2Fv2%2Fcategories&post=3948"},{"taxonomy":"post_tag","embeddable":true,"href":"https:\/\/www.mediaeducationcentre.eu\/eng\/index.php?rest_route=%2Fwp%2Fv2%2Ftags&post=3948"}],"curies":[{"name":"wp","href":"https:\/\/api.w.org\/{rel}","templated":true}]}}