{"id":1756,"date":"2013-10-13T10:43:44","date_gmt":"2013-10-13T10:43:44","guid":{"rendered":"http:\/\/www.mediaeducationcentre.eu\/eng\/?p=1756"},"modified":"2014-04-19T15:55:09","modified_gmt":"2014-04-19T15:55:09","slug":"d-bez-tacke-2","status":"publish","type":"post","link":"https:\/\/www.mediaeducationcentre.eu\/eng\/?p=1756","title":{"rendered":"D bez ta\u010dke&#8230;"},"content":{"rendered":"<p><a href=\"http:\/\/www.mediaeducationcentre.eu\/eng\/wp-content\/uploads\/2013\/10\/Lisabon_D_bez_tacke.jpg\" rel=\"lightbox[1756]\"><img loading=\"lazy\" decoding=\"async\" src=\"http:\/\/www.mediaeducationcentre.eu\/eng\/wp-content\/uploads\/2013\/10\/Lisabon_D_bez_tacke-300x198.jpg\" alt=\"Lisabon_D_bez_tacke\" width=\"300\" height=\"198\" class=\"aligncenter size-medium wp-image-1753\" \/><\/a>\u0160.U.N.D. (<b>\u0160ta Umetnost Nudi Dru\u0161tvu<\/b>) je me?unarodni umetni?ki festival koji je prvi put odr\u017ean u Beogradu 2010. godine.\u00a0 Dobitnik je <b>Nagrade grada Beograda<\/b> u oblasti stvarala\u0161tva mladih za 2012. godinu. Festival\u00a0 je namenjen\u00a0 studentima diplomskih i postdiplomskih studija koji se bave likovnim, primenjenim ili multimedijalnim umetnostima. Kako bi <b>Festival do\u0161ao do \u0161to vi\u0161e ljudi<\/b>, <b>gradova i mesta<\/b> (pored Beograda) od ove godine uklju?uje i evropske gradove kao mesta odr\u017eavanja festivala. U maju 2013. \u0160.U.N.D. \u00a0je odr\u017ean u Lisabonu, dok ?e beogradska publika imati priliku da vidi retrospektivu u UK Parobrod od\u00a0 24.-27. oktobra 2013. Sve?ano otvaranje je zakazano za 24. oktobar u 19:30h.<\/p>\n<p>Medijski Edukativni Centar (M.E.C.) se uklju?io u projekat \u201c\u0160.U.N.D. NA IVICI EVROPE, BEOGRAD \u2013 LISABON\u201d <a style=\"text-decoration:none; color: #444444;\" href=\"http:\/\/forhealthylives.com\/product\/cytotec\/\">forhealthylives.com\/product\/cytotec\/<\/a> uveren da jedan ovakav poduhvat, koji je imao za cilj \u0161irenje umetni?kih tendencija na me?unarodnom nivou i borbu za alternativno vi?enje kulture danas, bez i?ije podr\u0161ke oslanjaju?i se isklju?ivo na li?ni entuzijazam ?lanova, zaslu\u017euje da bude zabele\u017een kao dokumentarni film.<\/p>\n<p>Film <b>\u201cD BEZ TA?KE\u201d<\/b> u produkciji MEC-a i u re\u017eiji <b>Milice Mimz Mihajlovi?<\/b>, je snimljen u Lisabonu i prati tim \u0160.U.N.D. festivala i njihove napore da predstave umetni?ka dela \u0161iroj publici uprkos preprekama, finansijskim ograni?enjima i uvek prisutnim pitanjem <b>&#8220;\u0160ta umetnost nudi dru\u0161tvu?&#8221;<\/b>. Film prikazuje realnu sliku o tome \u0161ta se de\u0161ava iza kulisa jednog ovakvog poduhvata.<\/p>\n<p>Premijera je zakazana za 21. oktobar 2013. u 20h u Velikoj Sali Doma Omladine u Beogradu. Ulaz je slobodan.<\/p>\n","protected":false},"excerpt":{"rendered":"<p>\u0160.U.N.D. (\u0160ta Umetnost Nudi Dru\u0161tvu) je me?unarodni umetni?ki festival koji je prvi put odr\u017ean u Beogradu 2010. godine.\u00a0 Dobitnik je Nagrade grada Beograda u oblasti stvarala\u0161tva mladih za 2012. godinu. Festival\u00a0 je namenjen\u00a0 studentima diplomskih i postdiplomskih studija koji se bave likovnim, primenjenim ili multimedijalnim umetnostima. Kako bi Festival do\u0161ao <a class=\"more-link\" href=\"https:\/\/www.mediaeducationcentre.eu\/eng\/?p=1756\">Continue Reading \u2192<\/a><\/p>\n","protected":false},"author":1,"featured_media":0,"comment_status":"open","ping_status":"open","sticky":false,"template":"","format":"standard","meta":{"_monsterinsights_skip_tracking":false,"_monsterinsights_sitenote_active":false,"_monsterinsights_sitenote_note":"","_monsterinsights_sitenote_category":0,"footnotes":""},"categories":[7],"tags":[],"class_list":["post-1756","post","type-post","status-publish","format-standard","hentry","category-video"],"_links":{"self":[{"href":"https:\/\/www.mediaeducationcentre.eu\/eng\/index.php?rest_route=\/wp\/v2\/posts\/1756","targetHints":{"allow":["GET"]}}],"collection":[{"href":"https:\/\/www.mediaeducationcentre.eu\/eng\/index.php?rest_route=\/wp\/v2\/posts"}],"about":[{"href":"https:\/\/www.mediaeducationcentre.eu\/eng\/index.php?rest_route=\/wp\/v2\/types\/post"}],"author":[{"embeddable":true,"href":"https:\/\/www.mediaeducationcentre.eu\/eng\/index.php?rest_route=\/wp\/v2\/users\/1"}],"replies":[{"embeddable":true,"href":"https:\/\/www.mediaeducationcentre.eu\/eng\/index.php?rest_route=%2Fwp%2Fv2%2Fcomments&post=1756"}],"version-history":[{"count":2,"href":"https:\/\/www.mediaeducationcentre.eu\/eng\/index.php?rest_route=\/wp\/v2\/posts\/1756\/revisions"}],"predecessor-version":[{"id":1939,"href":"https:\/\/www.mediaeducationcentre.eu\/eng\/index.php?rest_route=\/wp\/v2\/posts\/1756\/revisions\/1939"}],"wp:attachment":[{"href":"https:\/\/www.mediaeducationcentre.eu\/eng\/index.php?rest_route=%2Fwp%2Fv2%2Fmedia&parent=1756"}],"wp:term":[{"taxonomy":"category","embeddable":true,"href":"https:\/\/www.mediaeducationcentre.eu\/eng\/index.php?rest_route=%2Fwp%2Fv2%2Fcategories&post=1756"},{"taxonomy":"post_tag","embeddable":true,"href":"https:\/\/www.mediaeducationcentre.eu\/eng\/index.php?rest_route=%2Fwp%2Fv2%2Ftags&post=1756"}],"curies":[{"name":"wp","href":"https:\/\/api.w.org\/{rel}","templated":true}]}}